{"id":11164,"date":"2018-09-16T10:53:49","date_gmt":"2018-09-16T09:53:49","guid":{"rendered":"http:\/\/www.vegetalcity.net\/?p=11164"},"modified":"2020-01-20T14:37:48","modified_gmt":"2020-01-20T13:37:48","slug":"exposition-a-la-saline-royale","status":"publish","type":"post","link":"https:\/\/www.vegetalcity.net\/en\/topics\/exposition-a-la-saline-royale\/","title":{"rendered":"Articles sur l&#8217;exposition \u00e0 la Saline Royale d&#8217;Arc-et-Senans"},"content":{"rendered":"\n<div class=\"wp-block-image\"><figure class=\"aligncenter\"><a href=\"http:\/\/www.vegetalcity.net\/wp-content\/uploads\/2020\/01\/saline-royale-expo_img1.jpg\"><img loading=\"lazy\" decoding=\"async\" width=\"1024\" height=\"670\" src=\"http:\/\/www.vegetalcity.net\/wp-content\/uploads\/2020\/01\/saline-royale-expo_img1-1024x670.jpg\" alt=\"\" class=\"wp-image-11165\" srcset=\"https:\/\/www.vegetalcity.net\/wp-content\/uploads\/2020\/01\/saline-royale-expo_img1-1024x670.jpg 1024w, https:\/\/www.vegetalcity.net\/wp-content\/uploads\/2020\/01\/saline-royale-expo_img1-300x196.jpg 300w, https:\/\/www.vegetalcity.net\/wp-content\/uploads\/2020\/01\/saline-royale-expo_img1-768x503.jpg 768w, https:\/\/www.vegetalcity.net\/wp-content\/uploads\/2020\/01\/saline-royale-expo_img1-600x393.jpg 600w, https:\/\/www.vegetalcity.net\/wp-content\/uploads\/2020\/01\/saline-royale-expo_img1-570x373.jpg 570w, https:\/\/www.vegetalcity.net\/wp-content\/uploads\/2020\/01\/saline-royale-expo_img1.jpg 1280w, https:\/\/www.vegetalcity.net\/wp-content\/uploads\/2020\/01\/saline-royale-expo_img1-24x16.jpg 24w, https:\/\/www.vegetalcity.net\/wp-content\/uploads\/2020\/01\/saline-royale-expo_img1-36x24.jpg 36w, https:\/\/www.vegetalcity.net\/wp-content\/uploads\/2020\/01\/saline-royale-expo_img1-48x31.jpg 48w\" sizes=\"auto, (max-width: 1024px) 100vw, 1024px\" \/><\/a><\/figure><\/div>\n\n\n\n<hr class=\"wp-block-separator\"\/>\n\n\n\n<div class=\"wp-block-image\"><figure class=\"aligncenter\"><a href=\"http:\/\/www.vegetalcity.net\/wp-content\/uploads\/2020\/01\/saline-royale-expo_img2.jpg\"><img loading=\"lazy\" decoding=\"async\" width=\"483\" height=\"1024\" src=\"http:\/\/www.vegetalcity.net\/wp-content\/uploads\/2020\/01\/saline-royale-expo_img2-483x1024.jpg\" alt=\"\" class=\"wp-image-11166\" srcset=\"https:\/\/www.vegetalcity.net\/wp-content\/uploads\/2020\/01\/saline-royale-expo_img2-483x1024.jpg 483w, https:\/\/www.vegetalcity.net\/wp-content\/uploads\/2020\/01\/saline-royale-expo_img2-142x300.jpg 142w, https:\/\/www.vegetalcity.net\/wp-content\/uploads\/2020\/01\/saline-royale-expo_img2-600x1272.jpg 600w, https:\/\/www.vegetalcity.net\/wp-content\/uploads\/2020\/01\/saline-royale-expo_img2-570x1208.jpg 570w, https:\/\/www.vegetalcity.net\/wp-content\/uploads\/2020\/01\/saline-royale-expo_img2.jpg 604w, https:\/\/www.vegetalcity.net\/wp-content\/uploads\/2020\/01\/saline-royale-expo_img2-11x24.jpg 11w, https:\/\/www.vegetalcity.net\/wp-content\/uploads\/2020\/01\/saline-royale-expo_img2-17x36.jpg 17w, https:\/\/www.vegetalcity.net\/wp-content\/uploads\/2020\/01\/saline-royale-expo_img2-23x48.jpg 23w\" sizes=\"auto, (max-width: 483px) 100vw, 483px\" \/><\/a><\/figure><\/div>\n\n\n\n<hr class=\"wp-block-separator\"\/>\n\n\n\n<div class=\"wp-block-image\"><figure class=\"aligncenter\"><a href=\"http:\/\/www.vegetalcity.net\/wp-content\/uploads\/2020\/01\/saline-royale-expo_img3.jpg\"><img loading=\"lazy\" decoding=\"async\" width=\"496\" height=\"1024\" src=\"http:\/\/www.vegetalcity.net\/wp-content\/uploads\/2020\/01\/saline-royale-expo_img3-496x1024.jpg\" alt=\"\" class=\"wp-image-11167\" srcset=\"https:\/\/www.vegetalcity.net\/wp-content\/uploads\/2020\/01\/saline-royale-expo_img3-496x1024.jpg 496w, https:\/\/www.vegetalcity.net\/wp-content\/uploads\/2020\/01\/saline-royale-expo_img3-145x300.jpg 145w, https:\/\/www.vegetalcity.net\/wp-content\/uploads\/2020\/01\/saline-royale-expo_img3-600x1239.jpg 600w, https:\/\/www.vegetalcity.net\/wp-content\/uploads\/2020\/01\/saline-royale-expo_img3-570x1177.jpg 570w, https:\/\/www.vegetalcity.net\/wp-content\/uploads\/2020\/01\/saline-royale-expo_img3.jpg 620w, https:\/\/www.vegetalcity.net\/wp-content\/uploads\/2020\/01\/saline-royale-expo_img3-12x24.jpg 12w, https:\/\/www.vegetalcity.net\/wp-content\/uploads\/2020\/01\/saline-royale-expo_img3-17x36.jpg 17w, https:\/\/www.vegetalcity.net\/wp-content\/uploads\/2020\/01\/saline-royale-expo_img3-23x48.jpg 23w\" sizes=\"auto, (max-width: 496px) 100vw, 496px\" \/><\/a><\/figure><\/div>\n\n\n\n<div class=\"wp-block-image\"><figure class=\"aligncenter\"><a href=\"http:\/\/www.vegetalcity.net\/wp-content\/uploads\/2020\/01\/saline-royale-expo_img4.jpg\"><img loading=\"lazy\" decoding=\"async\" width=\"456\" height=\"1024\" src=\"http:\/\/www.vegetalcity.net\/wp-content\/uploads\/2020\/01\/saline-royale-expo_img4-456x1024.jpg\" alt=\"\" class=\"wp-image-11168\" srcset=\"https:\/\/www.vegetalcity.net\/wp-content\/uploads\/2020\/01\/saline-royale-expo_img4-456x1024.jpg 456w, https:\/\/www.vegetalcity.net\/wp-content\/uploads\/2020\/01\/saline-royale-expo_img4-134x300.jpg 134w, https:\/\/www.vegetalcity.net\/wp-content\/uploads\/2020\/01\/saline-royale-expo_img4.jpg 570w, https:\/\/www.vegetalcity.net\/wp-content\/uploads\/2020\/01\/saline-royale-expo_img4-11x24.jpg 11w, https:\/\/www.vegetalcity.net\/wp-content\/uploads\/2020\/01\/saline-royale-expo_img4-16x36.jpg 16w, https:\/\/www.vegetalcity.net\/wp-content\/uploads\/2020\/01\/saline-royale-expo_img4-21x48.jpg 21w\" sizes=\"auto, (max-width: 456px) 100vw, 456px\" \/><\/a><\/figure><\/div>\n\n\n\n<hr class=\"wp-block-separator\"\/>\n\n\n\n<div class=\"wp-block-image\"><figure class=\"aligncenter\"><a href=\"http:\/\/www.vegetalcity.net\/wp-content\/uploads\/2020\/01\/saline-royale-expo_img5.jpg\"><img loading=\"lazy\" decoding=\"async\" width=\"680\" height=\"1024\" src=\"http:\/\/www.vegetalcity.net\/wp-content\/uploads\/2020\/01\/saline-royale-expo_img5-680x1024.jpg\" alt=\"\" class=\"wp-image-11169\" srcset=\"https:\/\/www.vegetalcity.net\/wp-content\/uploads\/2020\/01\/saline-royale-expo_img5-680x1024.jpg 680w, https:\/\/www.vegetalcity.net\/wp-content\/uploads\/2020\/01\/saline-royale-expo_img5-199x300.jpg 199w, https:\/\/www.vegetalcity.net\/wp-content\/uploads\/2020\/01\/saline-royale-expo_img5-768x1157.jpg 768w, https:\/\/www.vegetalcity.net\/wp-content\/uploads\/2020\/01\/saline-royale-expo_img5-600x904.jpg 600w, https:\/\/www.vegetalcity.net\/wp-content\/uploads\/2020\/01\/saline-royale-expo_img5-570x858.jpg 570w, https:\/\/www.vegetalcity.net\/wp-content\/uploads\/2020\/01\/saline-royale-expo_img5.jpg 850w, https:\/\/www.vegetalcity.net\/wp-content\/uploads\/2020\/01\/saline-royale-expo_img5-16x24.jpg 16w, https:\/\/www.vegetalcity.net\/wp-content\/uploads\/2020\/01\/saline-royale-expo_img5-24x36.jpg 24w, https:\/\/www.vegetalcity.net\/wp-content\/uploads\/2020\/01\/saline-royale-expo_img5-32x48.jpg 32w\" sizes=\"auto, (max-width: 680px) 100vw, 680px\" \/><\/a><\/figure><\/div>\n\n\n\n<hr class=\"wp-block-separator\"\/>\n\n\n\n<h4><span class=\"surtitre\">Arc-et-Senans \u2013 Exposition<\/span><\/h4>\n<h4>La Saline d\u2019Arc-et-Senans plonge en plein r\u00eave<\/h4>\n<p><a class=\"zoomMedia pic\" title=\"Des dessins qui s\u2019illuminent au rythme du jour et de la nuit. Photos Arnaud CASTAGN\u00c9\" href=\"https:\/\/cdn-s-www.estrepublicain.fr\/images\/CB440D56-3CB5-4316-81C2-E03C7FC70EB6\/LER_22\/des-dessins-qui-s-illuminent-au-rythme-du-jour-et-de-la-nuit-photos-arnaud-castagne-1523128223.jpg\" data-lb-type=\"grouped-post\"><img decoding=\"async\" class=\"aligncenter\" src=\"https:\/\/cdn-s-www.estrepublicain.fr\/images\/CB440D56-3CB5-4316-81C2-E03C7FC70EB6\/LER_v1_04\/des-dessins-qui-s-illuminent-au-rythme-du-jour-et-de-la-nuit-photos-arnaud-castagne-1523128223.jpg\" alt=\"Des dessins qui s\u2019illuminent au rythme du jour et de la nuit. Photos Arnaud CASTAGN\u00c9\" data-src=\"https:\/\/cdn-s-www.estrepublicain.fr\/images\/CB440D56-3CB5-4316-81C2-E03C7FC70EB6\/LER_v1_04\/des-dessins-qui-s-illuminent-au-rythme-du-jour-et-de-la-nuit-photos-arnaud-castagne-1523128223.jpg\" \/><\/a><\/p>\n<p>La Saline d\u2019Arc-et-Senans vient d\u2019inaugurer sa grande exposition d\u2019\u00e9t\u00e9. Elle est consacr\u00e9e au Belge Luc Schuiten, architecte, plasticien, inventeur, dessinateur, po\u00e8te.<\/p>\n<div class=\"galerie-viewport\">\n<div class=\"galerie-slider\">\n<div class=\"item\">\u00a0<\/div>\n<div class=\"item\">\u00a0<\/div>\n<\/div>\n<div class=\"galerie-cmpt\">\u00a0<\/div>\n<\/div>\n<p><a class=\"zoomMedia secureHD\" title=\"Des dessins qui s\u2019illuminent au rythme du jour et de la nuit. Photos Arnaud CASTAGN\u00c9\" href=\"https:\/\/cdn-s-www.estrepublicain.fr\/images\/CB440D56-3CB5-4316-81C2-E03C7FC70EB6\/LER_22\/des-dessins-qui-s-illuminent-au-rythme-du-jour-et-de-la-nuit-photos-arnaud-castagne-1523128223.jpg\" data-lb-type=\"grouped-post\"><em>Photo HD<\/em><\/a> Des dessins qui s\u2019illuminent au rythme du jour et de la nuit. Photos Arnaud CASTAGN\u00c9<\/p>\n<div class=\"galerie-buttons\">\u00a0<\/div>\n<div class=\"galerie-vignettes\"><img decoding=\"async\" src=\"https:\/\/cdn-s-www.estrepublicain.fr\/images\/DEE7EB30-AEBA-4A71-A885-5D0136A47FB4\/ERV_05\/luc-schuiten-pose-devant-cet-objet-volant-qu-il-a-concu-1523350855.jpg\" alt=\"Luc Schuiten pose devant cet objet volant qu\u2019il a con\u00e7u.\" \/> <img decoding=\"async\" src=\"https:\/\/cdn-s-www.estrepublicain.fr\/images\/BD7FD580-5F2C-4448-9BFE-DC1F025E313A\/ERV_05\/dans-la-grande-berne-un-homme-volant-fait-face-a-une-raie-manta-articulee-1523128223.jpg\" alt=\"Dans la grande berne, un homme volant fait face \u00e0 une raie manta articul\u00e9e.\" \/> <img decoding=\"async\" src=\"https:\/\/cdn-s-www.estrepublicain.fr\/images\/18616965-EE26-4296-92AB-38083D6D114C\/ERV_05\/title-1523214125.jpg\" alt=\"\" \/> <img decoding=\"async\" src=\"https:\/\/cdn-s-www.estrepublicain.fr\/images\/44A866FD-F7AD-4918-B40B-78B412E9014C\/ERV_05\/title-1523350854.jpg\" alt=\"\" \/> <img decoding=\"async\" src=\"https:\/\/cdn-s-www.estrepublicain.fr\/images\/6DADC6EC-0DE6-442E-AEDC-0B28FAAABC19\/ERV_05\/title-1523214125.jpg\" alt=\"\" \/> <img decoding=\"async\" src=\"https:\/\/cdn-s-www.estrepublicain.fr\/images\/37702B33-A0EF-4D1F-B422-5A10849724BD\/ERV_05\/title-1523214125.jpg\" alt=\"\" \/> <img decoding=\"async\" src=\"https:\/\/cdn-s-www.estrepublicain.fr\/images\/4D7BA728-C499-4994-B8EC-64AAA3D0B218\/ERV_05\/title-1523214125.jpg\" alt=\"\" \/> <img decoding=\"async\" src=\"https:\/\/cdn-s-www.estrepublicain.fr\/images\/7DB7FFB1-5038-4CE5-9EA4-4DE16A916078\/ERV_05\/title-1523214125.jpg\" alt=\"\" \/> <img decoding=\"async\" src=\"https:\/\/cdn-s-www.estrepublicain.fr\/images\/86D5404B-0E05-4373-9C4E-7DFE4975D411\/ERV_05\/title-1523214125.jpg\" alt=\"\" \/> <img decoding=\"async\" src=\"https:\/\/cdn-s-www.estrepublicain.fr\/images\/63ED0E7F-1905-4495-B88B-DD2CD0C34482\/ERV_05\/title-1523350854.jpg\" alt=\"\" \/> <img decoding=\"async\" src=\"https:\/\/cdn-s-www.estrepublicain.fr\/images\/089C0810-3380-4E55-8D8F-30A1712097D3\/ERV_05\/title-1523214125.jpg\" alt=\"\" \/> <img decoding=\"async\" src=\"https:\/\/cdn-s-www.estrepublicain.fr\/images\/FCFC0C8F-CEBF-4540-B05B-29C7529D86F0\/ERV_05\/title-1523214126.jpg\" alt=\"\" \/> <img decoding=\"async\" src=\"https:\/\/cdn-s-www.estrepublicain.fr\/images\/1B9BDCE9-039D-4ECB-9994-02D5802FA1D7\/ERV_05\/title-1523350854.jpg\" alt=\"\" \/> <img decoding=\"async\" src=\"https:\/\/cdn-s-www.estrepublicain.fr\/images\/5C345203-2AED-4DE9-A359-D8E3B77EC4AB\/ERV_05\/title-1523214126.jpg\" alt=\"\" \/> <img decoding=\"async\" src=\"https:\/\/cdn-s-www.estrepublicain.fr\/images\/F5E5A2FF-8F36-4A8B-A3F7-2835DFD7DE87\/ERV_05\/title-1523214126.jpg\" alt=\"\" \/> <img decoding=\"async\" src=\"https:\/\/cdn-s-www.estrepublicain.fr\/images\/3ADA7119-6F5B-4FBB-A5E7-954F0CBEDA94\/ERV_05\/title-1523214126.jpg\" alt=\"\" \/> <img decoding=\"async\" src=\"https:\/\/cdn-s-www.estrepublicain.fr\/images\/BE963F10-C66C-4143-90E4-C3BA0B473F56\/ERV_05\/title-1523214126.jpg\" alt=\"\" \/> <img decoding=\"async\" src=\"https:\/\/cdn-s-www.estrepublicain.fr\/images\/F078D03D-23EB-444E-A087-153B47AB86D6\/ERV_05\/title-1523214126.jpg\" alt=\"\" \/><\/div>\n<div class=\"richBody articleBody\">\n<div class=\"innerContent noprint\">Luc Schuiten est partout. Dans la grande berne, dans la maison du directeur, dans les jardins. Une Saline royale au complet pour accueillir ce qui peut, d\u00e9j\u00e0, \u00eatre consid\u00e9r\u00e9 comme la grande exposition d\u2019\u00e9t\u00e9 \u00e0 ne pas rater en Franche-Comt\u00e9.<\/div>\n<p>L\u2019\u00e9v\u00e9nement est particuli\u00e8rement ambitieux et r\u00e9ussi. Bien plus, finalement, que l\u2019\u00e9v\u00e9nement Tintin de l\u2019ann\u00e9e derni\u00e8re qui laissa beaucoup de monde sur sa faim. Cette fois, il y a de quoi d\u00e9vorer.<\/p>\n<p>Luc Schuiten pr\u00e9sente les conjugaisons de son imagination. Dans la grande berne, une raie manta en bois s\u2019agite tranquillement et fait face, aussi haut, \u00e0 un homme volant.<\/p>\n<p>En bas, un dr\u00f4le de v\u00e9hicule qui, bien s\u00fbr, fonctionne. Car nous ne sommes pas ici dans le monde \u00e9th\u00e9r\u00e9 d\u2019un doux po\u00e8te. \u00ab\u00a0Ce sont tous des projets tr\u00e8s concrets, ils utilisent des liens recompos\u00e9s avec la nature\u00a0\u00bb, a expliqu\u00e9 ce samedi Luc Schuiten, 74 ans, venu pour l\u2019occasion de Bruxelles.<\/p>\n<h4>Des dessins qui s\u2019illuminent<\/h4>\n<p>Pour l\u2019occasion, ses fameuses villes utopiques sont reproduites en tr\u00e8s grand format. Beaucoup ont \u00e9t\u00e9 cr\u00e9\u00e9es pour l\u2019occasion. Il faut tirer le rideau noir et plonger dans cette antichambre, peut-\u00eatre le lieu le plus po\u00e9tique de toute l\u2019exposition.<\/p>\n<p>L\u00e0 huit grands panneaux repr\u00e9sentant paysage et villes vivent au rythme du jour et de la nuit, s\u2019allument lentement, respirent sur un fond sonore de Michel Rodolphe, cr\u00e9\u00e9 pour l\u2019occasion.<\/p>\n<p>C\u2019est l\u2019entreprise La Romaine \u00e0 Rioz (Haute-Sa\u00f4ne) qui a \u00e9t\u00e9 charg\u00e9e de l\u2019impression de ces dessins g\u00e9ants, dont certains font 14\u00a0m de haut, sur lesquels on peut s\u2019attarder durant des heures. \u00ab\u00a0On a pris \u00e9norm\u00e9ment de risques pour parvenir \u00e0 ma\u00eetriser les diff\u00e9rentes couches de couleurs. Le plus grand des panneaux nous a pris huit heures pour \u00eatre imprim\u00e9\u00a0!\u00a0\u00bb<\/p>\n<p>Dans la maison du directeur, beaucoup de projets et dessins architecturaux, certains pr\u00eats \u00e0 passer au concret comme ce b\u00e2timent destin\u00e9 aux sans-abri \u00e0 Bruxelles.<\/p>\n<p>Parmi eux, une Saline royale qui retrouve son cercle complet, voulu \u00e0 l\u2019origine par Claude-Nicolas Ledoux et qui abrite d\u2019\u00e9tranges objets volants pr\u00eats \u00e0 d\u00e9coller vers l\u2019ailleurs.<\/p>\n<p>Comme cette exposition remarquable qui ne demande qu\u2019\u00e0 monter tr\u00e8s haut.<\/p>\n<p class=\"note\">Luc Schuiten, jusqu\u2019au 21\u00a0octobre \u00e0 la Saline d\u2019Arc-et-Senans.<\/p>\n<p class=\"author\">Philippe SAUTER<\/p>\n<\/div>\n<p>\u00a0<\/p>\n<p><strong>Pour voir l\u2019article en entier<\/strong> : <a href=\"https:\/\/www.estrepublicain.fr\/edition-de-besancon\/2018\/04\/08\/la-saline-plonge-en-plein-reve\">https:\/\/www.estrepublicain.fr\/edition-de-besancon\/2018\/04\/08\/la-saline-plonge-en-plein-reve<\/a><\/p>\n","protected":false},"excerpt":{"rendered":"<p>Arc-et-Senans \u2013 Exposition La Saline d\u2019Arc-et-Senans plonge en plein r\u00eave La Saline d\u2019Arc-et-Senans vient d\u2019inaugurer sa grande exposition d\u2019\u00e9t\u00e9. Elle est consacr\u00e9e au Belge Luc Schuiten, architecte, plasticien, inventeur, dessinateur, po\u00e8te. \u00a0 \u00a0 \u00a0 Photo HD Des dessins qui s\u2019illuminent au rythme du jour et de la nuit. Photos Arnaud CASTAGN\u00c9 \u00a0 Luc Schuiten est [&hellip;]<\/p>\n","protected":false},"author":3,"featured_media":11191,"comment_status":"closed","ping_status":"closed","sticky":false,"template":"","format":"standard","meta":{"advgb_blocks_editor_width":"","advgb_blocks_columns_visual_guide":"","_monsterinsights_skip_tracking":false,"_monsterinsights_sitenote_active":false,"_monsterinsights_sitenote_note":"","_monsterinsights_sitenote_category":0,"footnotes":""},"categories":[81],"tags":[],"class_list":{"0":"post-11164","1":"post","2":"type-post","3":"status-publish","4":"format-standard","5":"has-post-thumbnail","7":"category-articles-sur-luc-schuiten","8":"czr-hentry"},"author_meta":{"display_name":"Luc Schuiten","author_link":"https:\/\/www.vegetalcity.net\/en\/topics\/author\/luc\/"},"featured_img":"https:\/\/www.vegetalcity.net\/wp-content\/uploads\/2018\/09\/saline-royale-expo_img5bis-300x242.jpg","featured_image_src":"https:\/\/www.vegetalcity.net\/wp-content\/uploads\/2018\/09\/saline-royale-expo_img5bis-600x400.jpg","featured_image_src_square":"https:\/\/www.vegetalcity.net\/wp-content\/uploads\/2018\/09\/saline-royale-expo_img5bis-600x600.jpg","author_info":{"display_name":"Luc Schuiten","author_link":"https:\/\/www.vegetalcity.net\/en\/topics\/author\/luc\/"},"coauthors":[],"tax_additional":{"categories":{"linked":["<a href=\"https:\/\/www.vegetalcity.net\/en\/topics\/category\/articles-sur-luc-schuiten\/\" class=\"advgb-post-tax-term\">ARTICLES - Sur Luc Schuiten<\/a>"],"unlinked":["<span class=\"advgb-post-tax-term\">ARTICLES - Sur Luc Schuiten<\/span>"]}},"comment_count":"0","relative_dates":{"created":"Posted 8 years ago","modified":"Updated 6 years ago"},"absolute_dates":{"created":"Posted on 16 September 2018","modified":"Updated on 20 January 2020"},"absolute_dates_time":{"created":"Posted on 16 September 2018 10 h 53 min","modified":"Updated on 20 January 2020 14 h 37 min"},"featured_img_caption":"","series_order":"","_links":{"self":[{"href":"https:\/\/www.vegetalcity.net\/en\/wp-json\/wp\/v2\/posts\/11164","targetHints":{"allow":["GET"]}}],"collection":[{"href":"https:\/\/www.vegetalcity.net\/en\/wp-json\/wp\/v2\/posts"}],"about":[{"href":"https:\/\/www.vegetalcity.net\/en\/wp-json\/wp\/v2\/types\/post"}],"author":[{"embeddable":true,"href":"https:\/\/www.vegetalcity.net\/en\/wp-json\/wp\/v2\/users\/3"}],"replies":[{"embeddable":true,"href":"https:\/\/www.vegetalcity.net\/en\/wp-json\/wp\/v2\/comments?post=11164"}],"version-history":[{"count":7,"href":"https:\/\/www.vegetalcity.net\/en\/wp-json\/wp\/v2\/posts\/11164\/revisions"}],"predecessor-version":[{"id":12219,"href":"https:\/\/www.vegetalcity.net\/en\/wp-json\/wp\/v2\/posts\/11164\/revisions\/12219"}],"wp:featuredmedia":[{"embeddable":true,"href":"https:\/\/www.vegetalcity.net\/en\/wp-json\/wp\/v2\/media\/11191"}],"wp:attachment":[{"href":"https:\/\/www.vegetalcity.net\/en\/wp-json\/wp\/v2\/media?parent=11164"}],"wp:term":[{"taxonomy":"category","embeddable":true,"href":"https:\/\/www.vegetalcity.net\/en\/wp-json\/wp\/v2\/categories?post=11164"},{"taxonomy":"post_tag","embeddable":true,"href":"https:\/\/www.vegetalcity.net\/en\/wp-json\/wp\/v2\/tags?post=11164"}],"curies":[{"name":"wp","href":"https:\/\/api.w.org\/{rel}","templated":true}]}}